{"id":611,"date":"2020-10-09T00:00:00","date_gmt":"2020-10-08T22:00:00","guid":{"rendered":"http:\/\/robertogreco.eu\/lessico-genealogico\/senza-categoria\/maresciallo-de-logis\/"},"modified":"2021-03-13T18:06:48","modified_gmt":"2021-03-13T17:06:48","slug":"maresciallo-de-logis","status":"publish","type":"post","link":"https:\/\/robertogreco.eu\/lessico-genealogico\/maresciallo-de-logis\/","title":{"rendered":"maresciallo de logis"},"content":{"rendered":"<p>(en: <a href=\"https:\/\/dict.leo.org\/englisch-deutsch\/Feldwebel\" target=\"_blank\" rel=\"noopener noreferrer\">sergeant<\/a> | de: <a href=\"https:\/\/dict.leo.org\/italienisch-deutsch\/sergente\" target=\"_blank\" rel=\"noopener noreferrer\">Feldwebel<\/a> | fr: <a href=\"https:\/\/fr.wikipedia.org\/w\/index.php?title=Mar%C3%A9chal_de_logis&amp;redirect=no\" target=\"_blank\" rel=\"noopener noreferrer\">mar\u00e9chal de logis<\/a> | es: <a href=\"https:\/\/dict.leo.org\/spanisch-deutsch\/Feldwebel\" target=\"_blank\" rel=\"noopener noreferrer\">sargento<\/a>) in [<a href=\"https:\/\/famiglia-greco.eu\/riferimenti\/riferimenti-mestieri\/tgm\/\">tgm<\/a>]: \u201emaresciallo degli alloggi militari.\u201c, in francese <em><a href=\"https:\/\/fr.wikipedia.org\/w\/index.php?title=Mar%C3%A9chal_de_logis&amp;redirect=no\" target=\"_blank\" rel=\"noopener noreferrer\">Mar\u00e9chal de logis<\/a><\/em>, ovvero <em><a href=\"https:\/\/fr.wikipedia.org\/wiki\/Sergent\" target=\"_blank\" rel=\"noopener noreferrer\">Sergent<\/a><\/em>. &#8220;<em>Le sergent des troupes mont\u00e9es se d\u00e9nomme <strong>mar\u00e9chal des logis<\/strong> dans les troupes historiquement dot\u00e9es de chevaux. L\u2019appellation <strong>mar\u00e9chal des logis<\/strong> provient du fait que les premiers porteurs de ce titre \u00e9taient charg\u00e9s de pr\u00e9parer les \u00e9tapes de leur escadron (ravitaillement, h\u00e9bergement).<\/em>&#8221; <a href=\"https:\/\/translate.google.de\/?hl=it&amp;tab=wT&amp;authuser=0#view=home&amp;op=translate&amp;sl=fr&amp;tl=it&amp;text=Le%20sergent%20des%20troupes%20mont%C3%A9es%20se%20d%C3%A9nomme%20mar%C3%A9chal%20des%20logis%20dans%20les%20troupes%20historiquement%20dot%C3%A9es%20de%20chevaux.%20L%E2%80%99appellation%20mar%C3%A9chal%20des%20logis%20provient%20du%20fait%20que%20les%20premiers%20porteurs%20de%20ce%20titre%20%C3%A9taient%20charg%C3%A9s%20de%20pr%C3%A9parer%20les%20%C3%A9tapes%20de%20leur%20escadron%20(ravitaillement%2C%20h%C3%A9bergement).\" target=\"_blank\" rel=\"noopener noreferrer\">ovvero<\/a>: &#8220;Il sergente delle truppe a cavallo \u00e8 chiamato <strong>maresciallo de logis<\/strong> nelle truppe storicamente dotate di cavalli. Il nome <strong>Mar\u00e9chal des Logis<\/strong> deriva dal fatto che i primi detentori di questo titolo erano responsabili della preparazione delle fasi della loro squadriglia (rifornimenti, alloggio).&#8221;.\u00a0Vedi anche <a href=\"https:\/\/famiglia-greco.eu\/professioni-ed-altro\/titoli\/titoli-militari\/sergente\/\"><strong>sergente<\/strong><\/a>.<br \/>\nNon classificato in [<a href=\"https:\/\/famiglia-greco.eu\/riferimenti\/riferimenti-mestieri\/esco-08\/\">esco-08<\/a>] se non come <strong>sergente<\/strong> (<a href=\"http:\/\/data.europa.eu\/esco\/occupation\/cb3b2662-774a-4e6f-841e-f120244d7031\" target=\"_blank\" rel=\"noopener noreferrer\">0210.2<\/a>).<\/p>\n","protected":false},"excerpt":{"rendered":"<p>(en: sergeant | de: Feldwebel | fr: mar\u00e9chal de logis | es: sargento) in [tgm]: \u201emaresciallo degli alloggi militari.\u201c, in francese Mar\u00e9chal de logis, ovvero Sergent. &#8220;Le sergent des troupes mont\u00e9es se d\u00e9nomme mar\u00e9chal des logis dans les troupes historiquement dot\u00e9es de chevaux. L\u2019appellation mar\u00e9chal des logis provient du fait que les premiers porteurs de [&hellip;]<\/p>\n","protected":false},"author":7,"featured_media":0,"comment_status":"closed","ping_status":"closed","sticky":false,"template":"","format":"standard","meta":{"footnotes":""},"categories":[48,5,3,47,50,6,1,65,68,10],"tags":[927],"class_list":["post-611","post","type-post","status-publish","format-standard","hentry","category-armi-e-militari","category-attivita-per-materia","category-e-s-c-o-2008","category-esco-0","category-esco-02","category-lavoro-condizione-stato-sociale","category-senza-categoria","category-titoli","category-titoli-militari","category-uncategorized","tag-maresciallo-de-logis"],"_links":{"self":[{"href":"https:\/\/robertogreco.eu\/lessico-genealogico\/wp-json\/wp\/v2\/posts\/611","targetHints":{"allow":["GET"]}}],"collection":[{"href":"https:\/\/robertogreco.eu\/lessico-genealogico\/wp-json\/wp\/v2\/posts"}],"about":[{"href":"https:\/\/robertogreco.eu\/lessico-genealogico\/wp-json\/wp\/v2\/types\/post"}],"author":[{"embeddable":true,"href":"https:\/\/robertogreco.eu\/lessico-genealogico\/wp-json\/wp\/v2\/users\/7"}],"replies":[{"embeddable":true,"href":"https:\/\/robertogreco.eu\/lessico-genealogico\/wp-json\/wp\/v2\/comments?post=611"}],"version-history":[{"count":1,"href":"https:\/\/robertogreco.eu\/lessico-genealogico\/wp-json\/wp\/v2\/posts\/611\/revisions"}],"predecessor-version":[{"id":1506,"href":"https:\/\/robertogreco.eu\/lessico-genealogico\/wp-json\/wp\/v2\/posts\/611\/revisions\/1506"}],"wp:attachment":[{"href":"https:\/\/robertogreco.eu\/lessico-genealogico\/wp-json\/wp\/v2\/media?parent=611"}],"wp:term":[{"taxonomy":"category","embeddable":true,"href":"https:\/\/robertogreco.eu\/lessico-genealogico\/wp-json\/wp\/v2\/categories?post=611"},{"taxonomy":"post_tag","embeddable":true,"href":"https:\/\/robertogreco.eu\/lessico-genealogico\/wp-json\/wp\/v2\/tags?post=611"}],"curies":[{"name":"wp","href":"https:\/\/api.w.org\/{rel}","templated":true}]}}