{"id":146,"date":"2000-02-01T23:49:55","date_gmt":"2000-02-01T22:49:55","guid":{"rendered":"https:\/\/robertogreco.eu\/professione\/?p=146"},"modified":"2025-08-02T12:37:38","modified_gmt":"2025-08-02T10:37:38","slug":"uber-mich-%f0%9f%87%a9%f0%9f%87%aa","status":"publish","type":"post","link":"https:\/\/robertogreco.eu\/professione\/deutsch\/uber-mich-%f0%9f%87%a9%f0%9f%87%aa\/","title":{"rendered":"\u00dcber mich (\ud83c\udde9\ud83c\uddea)"},"content":{"rendered":"<p style=\"text-align: right;\"><img loading=\"lazy\" decoding=\"async\" class=\"alignleft wp-image-397 size-thumbnail\" src=\"https:\/\/robertogreco.eu\/wp-content\/uploads\/2022\/03\/IMG_3581-2-150x150.jpg\" alt=\"\" width=\"150\" height=\"150\" \/>&#8220;<em>Lerne dich selbst zu m\u00f6gen.<\/em><br \/>\n<em>Was du \u00fcber dich denkst<\/em><br \/>\n<em>ist viel wichtiger als das,<\/em><br \/>\n<em>was andere \u00fcber dich denken<\/em>&#8220;.<br \/>\nLucius Annaeus Seneca<sup>[<a href=\"#nota2\">2<\/a>]<\/sup>.<\/p>\n<p>Ich wurde in der 60er in Rom geboren, wo ich die Schule bis zum 5. Gymnasium besuchte.<\/p>\n<p>1977 bin ich nach Venedig umgezogen, wo ich in der 80er das humanistische Abitur erhielt.<\/p>\n<p>Danach begann ich im IT-Bereich zu arbeiten, wie es f\u00fcr die 1980er Jahre typisch ist, in einem kleinen Start-up in einer Garage in Rom.<\/p>\n<h2>Berufliche Karriere<\/h2>\n<p>Nachdem ich als Programmierer angefangen hatte, Buchhaltungs- und Logistikprogramme f\u00fcr Computer zu entwickeln und anzupassen, f\u00fchrte mich meine Karriere in Italien in 12 Jahren dazu, die Funktionen des Projektmanagers zu \u00fcbernehmen.<\/p>\n<p>1995 zog ich nach Deutschland nach Aachen (Aachen) in Nordrhein \/ Westfalen (NRW), wo ich 1996 mein Studium an der Fakult\u00e4t f\u00fcr Informatik (K\u00fcnstliche Intelligenz und Mathematik) an der Fachhochschule (RWTH Aachen) begann 2005.<\/p>\n<p>W\u00e4hrend meines Studiums arbeitete ich wieder im IT-Bereich, begann meine Karriere fast von Grund auf neu und erreichte wieder die Position des Projektmanagers (Programmmanagers).<\/p>\n<p>W\u00e4hrend meiner Karriere in Deutschland habe ich unter anderem mehrere Zertifizierungen im Projektmanagement und Programmmanagement erhalten, wie z. B. PMP \u00a9, PgMP \u00a9, PRINCE2 \u00a9 Practitioner, IPMA \u00a9 Level A.<\/p>\n<p>Ich bin zwei Mal geschieden und habe drei Kinder und viele Hobbies und Interessen.<\/p>\n<p>Im Jahr 2020 kaufte ich zwei Ziertiteln: Laird o&#8217;Chaol Gleann und Lord of the Manor of Hougun.<sup>[<a href=\"#nota4\">4<\/a>]<\/sup><\/p>\n<p>Wenn Sie an meinem Lebenslauf interessiert sind, k\u00f6nnen Sie meine Profile auf LinkedIn (auf Englisch, Registrierung erforderlich) und Xing (auf Deutsch) sehen.<\/p>\n<p>Mit freundlichen Gr\u00fc\u00dfen<br \/>\nRoberto S. Greco<br \/>\n<em>Lord of the Manor of Hougun<\/em>\u00a0und <em>Laird o&#8217;Chaol Gleann<\/em>.<\/p>\n<hr \/>\n<p><sup>[<a name=\"nota1\"><\/a>1]<\/sup> Foto aufgenommen im Jahr 2009 bei der ehemaligen Atos Worldline GmbH, in Pascalstr. 19, 52076 Aachen von Peter Ortmann (<a href=\"https:\/\/peterortmann.com\/\" target=\"_blank\" rel=\"noopener\">https:\/\/peterortmann.com\/<\/a>), damals mein Arbeitskolleg.<\/p>\n<p><sup>[<a name=\"nota2\"><\/a>2]<\/sup> Eigene \u00dcbersetzung aus der Latein von Lucius Annaeus Seneca in <em>L. Annaei Senecae Opera quae supersunt<\/em> von Fridericus Haase, pag. 66 ([<a href=\"https:\/\/robertogreco.eu\/biblioteca\/haase1872\/\" target=\"_blank\" rel=\"noopener\">haase1872<\/a>, Seite 66, \u00a7 11]).<br \/>\n&#8220;<em>&#8230; multo autem ad rem magis pertinet, qualis tibi videaris quam aliis. Conciliari nisi turpi ratione amor turpium non potest.<\/em>&#8220;.<\/p>\n<p><sup>[<a name=\"nota3\"><\/a>3]<\/sup> Der Verkauf britischer Adelstitel ist durch das <em>Honors Act<\/em> (<em>Prevention of Abuses<\/em>) von 1925 verboten. Allerdings, was ich gekauft habe, ist auf Englisch eine herrschaftliche Lordship (auf Deutsch mit Herrschaft vergleichbar), die kein aristokratischer Titel ist, sondern eine halb ausgestorbene Form von Grundbesitz. Herrschaft in diesem Sinne ist gleichbedeutend mit Eigentum. Daher kann es nicht auf einem Reisepass angegeben werden und gibt kein Recht auf ein Wappen im Sinne der Heraldik.<br \/>\nDie Bezeichnung <em>Laird<\/em> in Schottland oder <em>Lord<\/em> in England basiert auf einem vererbbaren Eigentum, das einen expliziten Bezug zum physischen Land hat. Die Aktie kann nicht gekauft und verkauft werden, ohne das physische Land zu verkaufen. Der Titel berechtigt den Eigent\u00fcmer auch nicht, im <em>House of Lords<\/em> zu sitzen, da es sich nicht um einen Adelstitel handelt, sondern um einen H\u00f6flichkeitstitel, d.h. einen Grundbesitzer ohne andere zugewiesene Rechte. Der Titel des Herrenhauses Lord ist ebenfalls ein feudaler Titel und rechtlich zum Verkauf berechtigt. [<a href=\"https:\/\/robertogreco.eu\/dobson2016\" target=\"_blank\" rel=\"noopener\">dobson2016<\/a>], [<a href=\"https:\/\/robertogreco.eu\/biblioteca\/baronage2020\" target=\"_blank\" rel=\"noopener\">baronage2020<\/a>, Seite 12].<\/p>\n<p><sup>[<a name=\"nota4\"><\/a>4]<\/sup> Bild der Stola heruntergeladen von <a href=\"https:\/\/cdn.shopify.com\/s\/files\/1\/0676\/6055\/products\/stole-716454_large.jpg?v=1571330362\" target=\"_blank\" rel=\"noopener\">https:\/\/cdn.shopify.com\/s\/files\/1\/0676\/6055\/products\/stole-716454_large.jpg?v=1571330362<\/a> am 28.02.2021 um 17:05 Uhr und mit <a href=\"https:\/\/convertio.co\/\" target=\"_blank\" rel=\"noopener\">https:\/\/convertio.co\/<\/a> in PNG-Format konvertiert.<\/p>\n<p><sup>[<a name=\"nota5\"><\/a>5]<\/sup> Wappen heruntergeladen von <a href=\"https:\/\/cdn.shopify.com\/s\/files\/1\/0969\/9004\/products\/lord-titles-pack-crest_1024x1024.jpg?v=1502718560\" target=\"_blank\" rel=\"noopener\">https:\/\/cdn.shopify.com\/s\/files\/1\/0969\/9004\/products\/lord-titles-pack-crest_1024x1024.jpg?v=1502718560<\/a> am 28.02.2021 um 16:52 Uhr, mit <a href=\"https:\/\/convertio.co\/\" target=\"_blank\" rel=\"noopener\">https:\/\/convertio.co\/<\/a> in PNG-Format konvertiert und mit <a href=\"https:\/\/compresspng.com\/\" target=\"_blank\" rel=\"noopener\">https:\/\/compresspng.com\/<\/a> verkleinert.<\/p>\n<p>L&#8217;immagine dell&#8217;intestazione \u00e8 di <a href=\"https:\/\/pixabay.com\/de\/users\/openclipart-vectors-30363\/?utm_source=link-attribution&amp;utm_medium=referral&amp;utm_campaign=image&amp;utm_content=2028245\">OpenClipart-Vectors<\/a> da <a href=\"https:\/\/pixabay.com\/de\/\/?utm_source=link-attribution&amp;utm_medium=referral&amp;utm_campaign=image&amp;utm_content=2028245\">Pixabay<\/a><\/p>\n","protected":false},"excerpt":{"rendered":"<p>&#8220;Lerne dich selbst zu m\u00f6gen. Was du \u00fcber dich denkst ist viel wichtiger als das, was andere \u00fcber dich denken&#8220;. &hellip; <a href=\"https:\/\/robertogreco.eu\/professione\/deutsch\/uber-mich-%f0%9f%87%a9%f0%9f%87%aa\/\" class=\"more-link\">More <span class=\"screen-reader-text\">\u00dcber mich (\ud83c\udde9\ud83c\uddea)<\/span> <span class=\"meta-nav\">&rarr;<\/span><\/a><\/p>\n","protected":false},"author":1,"featured_media":0,"comment_status":"open","ping_status":"open","sticky":false,"template":"","format":"standard","meta":{"footnotes":""},"categories":[58],"tags":[35],"class_list":["post-146","post","type-post","status-publish","format-standard","hentry","category-deutsch","tag-cv"],"_links":{"self":[{"href":"https:\/\/robertogreco.eu\/professione\/wp-json\/wp\/v2\/posts\/146","targetHints":{"allow":["GET"]}}],"collection":[{"href":"https:\/\/robertogreco.eu\/professione\/wp-json\/wp\/v2\/posts"}],"about":[{"href":"https:\/\/robertogreco.eu\/professione\/wp-json\/wp\/v2\/types\/post"}],"author":[{"embeddable":true,"href":"https:\/\/robertogreco.eu\/professione\/wp-json\/wp\/v2\/users\/1"}],"replies":[{"embeddable":true,"href":"https:\/\/robertogreco.eu\/professione\/wp-json\/wp\/v2\/comments?post=146"}],"version-history":[{"count":2,"href":"https:\/\/robertogreco.eu\/professione\/wp-json\/wp\/v2\/posts\/146\/revisions"}],"predecessor-version":[{"id":148,"href":"https:\/\/robertogreco.eu\/professione\/wp-json\/wp\/v2\/posts\/146\/revisions\/148"}],"wp:attachment":[{"href":"https:\/\/robertogreco.eu\/professione\/wp-json\/wp\/v2\/media?parent=146"}],"wp:term":[{"taxonomy":"category","embeddable":true,"href":"https:\/\/robertogreco.eu\/professione\/wp-json\/wp\/v2\/categories?post=146"},{"taxonomy":"post_tag","embeddable":true,"href":"https:\/\/robertogreco.eu\/professione\/wp-json\/wp\/v2\/tags?post=146"}],"curies":[{"name":"wp","href":"https:\/\/api.w.org\/{rel}","templated":true}]}}